{"id":963,"date":"2013-11-12T22:23:19","date_gmt":"2013-11-12T20:23:19","guid":{"rendered":"http:\/\/www.foerderverein-hdb.de\/?p=963"},"modified":"2013-11-17T19:28:44","modified_gmt":"2013-11-17T17:28:44","slug":"junge-kuenstler-begeisterten-das-publikum-im-haus-der-begegnung","status":"publish","type":"post","link":"http:\/\/www.foerderverein-hdb.de\/?p=963","title":{"rendered":"Junge K\u00fcnstler begeistern das Publikum im Haus der Begegnung"},"content":{"rendered":"<div id=\"attachment_956\" style=\"width: 310px\" class=\"wp-caption alignleft\"><a href=\"http:\/\/www.foerderverein-hdb.de\/wp-content\/uploads\/2013\/11\/MG_1442a.jpg\"><img aria-describedby=\"caption-attachment-956\" decoding=\"async\" loading=\"lazy\" class=\"size-medium wp-image-956\" title=\"Christopher Park\" alt=\"_MG_1442a\" src=\"http:\/\/www.foerderverein-hdb.de\/wp-content\/uploads\/2013\/11\/MG_1442a-300x199.jpg\" width=\"300\" height=\"199\" srcset=\"http:\/\/www.foerderverein-hdb.de\/wp-content\/uploads\/2013\/11\/MG_1442a-300x199.jpg 300w, http:\/\/www.foerderverein-hdb.de\/wp-content\/uploads\/2013\/11\/MG_1442a.jpg 425w\" sizes=\"(max-width: 300px) 100vw, 300px\" \/><\/a><p id=\"caption-attachment-956\" class=\"wp-caption-text\">Christopher Park zeigte erneut sein au\u00dferodentliches Talent.<\/p><\/div>\n<p>Am Samstag, 9. November 2013, begeisterte das K\u00f6nigsteiner Publikum aufs Neue der junge Pianist Christopher Park, der l\u00e4ngst eine internationale Karriere begonnen hat. Denn inzwischen spielt er weltweit umjubelte Konzerte. In den gut gef\u00fcllten gro\u00dfen Saal des Hauses der Begegnung kam er dieses Mal nicht alleine. Er brachte Freunde (und auch zwei entz\u00fcckende Sch\u00fclerchen) mit, die ebenfalls auf dem Sprung in die erfolgreiche Professionalit\u00e4t sind. Alle K\u00fcnstler boten dem begeisterten Publikum einen musikalischen Hochgenuss.<\/p>\n<div id=\"attachment_950\" style=\"width: 310px\" class=\"wp-caption alignright\"><a href=\"http:\/\/www.foerderverein-hdb.de\/wp-content\/uploads\/2013\/11\/Foto-3.jpg\"><img aria-describedby=\"caption-attachment-950\" decoding=\"async\" loading=\"lazy\" class=\"size-medium wp-image-950\" alt=\"Foto 3\" src=\"http:\/\/www.foerderverein-hdb.de\/wp-content\/uploads\/2013\/11\/Foto-3-300x186.jpg\" width=\"300\" height=\"186\" srcset=\"http:\/\/www.foerderverein-hdb.de\/wp-content\/uploads\/2013\/11\/Foto-3-300x186.jpg 300w, http:\/\/www.foerderverein-hdb.de\/wp-content\/uploads\/2013\/11\/Foto-3-1024x634.jpg 1024w, http:\/\/www.foerderverein-hdb.de\/wp-content\/uploads\/2013\/11\/Foto-3-483x300.jpg 483w, http:\/\/www.foerderverein-hdb.de\/wp-content\/uploads\/2013\/11\/Foto-3.jpg 1424w\" sizes=\"(max-width: 300px) 100vw, 300px\" \/><\/a><p id=\"caption-attachment-950\" class=\"wp-caption-text\">Christopher Park am Fl\u00fcgel wurde begleitet von (von links) Alexander Wies (Violine), Vladimir Babeshko (Bratsche) und Hyun-Mi Kim (Violoncello).<\/p><\/div>\n<p>Christopher Park machte mit Ludwig van Beethoven, Sonate op. 10 Nr. 3 d-dur, den furiosen Anfang. Beim anschlie\u00dfenden Klavierquartett Nr. 1 g-moll, KV 478, von Wolfgang Amadeus Mozart begleiteten Alexander Wies (Violine), Vladimir Babeshko (Bratsche) und Hyun-Mi Kim (Violoncello) den Pianisten und zeigten ebenfalls ihr hervorragendes K\u00f6nnen an ihren Instrumenten.<\/p>\n<div id=\"attachment_952\" style=\"width: 165px\" class=\"wp-caption alignleft\"><a href=\"http:\/\/www.foerderverein-hdb.de\/wp-content\/uploads\/2013\/11\/IMG_7554.jpeg.jpg\"><img aria-describedby=\"caption-attachment-952\" decoding=\"async\" loading=\"lazy\" class=\" wp-image-952 \" title=\"Leonie Wiegel\" alt=\"IMG_7554.jpeg\" src=\"http:\/\/www.foerderverein-hdb.de\/wp-content\/uploads\/2013\/11\/IMG_7554.jpeg-150x150.jpg\" width=\"155\" height=\"155\" \/><\/a><p id=\"caption-attachment-952\" class=\"wp-caption-text\">Fr\u00fch \u00fcbt sich: Leonie Wiegel &#8230;<\/p><\/div>\n<div id=\"attachment_946\" style=\"width: 160px\" class=\"wp-caption alignright\"><a href=\"http:\/\/www.foerderverein-hdb.de\/wp-content\/uploads\/2013\/11\/MG_1482a.jpg\"><img aria-describedby=\"caption-attachment-946\" decoding=\"async\" loading=\"lazy\" class=\"size-thumbnail wp-image-946  \" title=\"Alina Gr\u00fcndel\" alt=\"_MG_1482a\" src=\"http:\/\/www.foerderverein-hdb.de\/wp-content\/uploads\/2013\/11\/MG_1482a-150x150.jpg\" width=\"150\" height=\"150\" \/><\/a><p id=\"caption-attachment-946\" class=\"wp-caption-text\">&#8230; und Alina Gr\u00fcndel.<\/p><\/div>\n<p>Nach der Pause konzertierten mit Chopin-St\u00fccken zwei kleine Sch\u00fclerinnen Parks zum ersten Mal vor gro\u00dfem Publikum und machten ihre Sache ganz wunderbar. Leonie Wiegel spielte die Nocturne op. posth. cis-moll und Alina Gr\u00fcndel interpretierte den Walzer op. 70 Nr. 2 f-moll.<\/p>\n<div id=\"attachment_947\" style=\"width: 209px\" class=\"wp-caption alignright\"><a href=\"http:\/\/www.foerderverein-hdb.de\/wp-content\/uploads\/2013\/11\/MG_1493a.jpg\"><img aria-describedby=\"caption-attachment-947\" decoding=\"async\" loading=\"lazy\" class=\" wp-image-947\" title=\"Samantha Gaul\" alt=\"_MG_1493a\" src=\"http:\/\/www.foerderverein-hdb.de\/wp-content\/uploads\/2013\/11\/MG_1493a-199x300.jpg\" width=\"199\" height=\"300\" srcset=\"http:\/\/www.foerderverein-hdb.de\/wp-content\/uploads\/2013\/11\/MG_1493a-199x300.jpg 199w, http:\/\/www.foerderverein-hdb.de\/wp-content\/uploads\/2013\/11\/MG_1493a.jpg 283w\" sizes=\"(max-width: 199px) 100vw, 199px\" \/><\/a><p id=\"caption-attachment-947\" class=\"wp-caption-text\">Begeisterte mit ihrer wunderbaren Stimme: Samantha Gaul.<\/p><\/div>\n<p>Mit Samantha Gaul betrat dann eine Sopranistin die B\u00fchne, die mit ihrer warmen, sehr gef\u00e4lligen Stimme das Publikum gleichfalls begeisterte. F\u00fcr ihre Lieder aus den Myrthen von Robert Schuman, begleitet von Christopher Park am Fl\u00fcgel, gab es st\u00fcrmischen Applaus. Ohne die erstklassige Zugabe von Mendelssohns Hexenlied wurde sie nicht gehen gelassen.<\/p>\n<p style=\"text-align: left;\">Unser F\u00f6rderverein freut sich \u00fcber dieses begl\u00fcckende Konzert und ist stolz darauf, dass wir diesen hochkar\u00e4tigen Genuss im K\u00f6nigsteiner Haus der Begegnung unseren wieder so zahlreich erschienenen G\u00e4sten pr\u00e4sentieren konnten.<\/p>\n<p>Schon jetzt m\u00f6chten wir allen Interessierten unser n\u00e4chstes Konzert in der Reihe \u201eK\u00f6nigsteiner Kammerkonzerte Tilmann K\u00f6ster\u201c ans Herz legen: Am Samstag, 15. M\u00e4rz 2014, erwarten wir ein Violinkonzert mit Caroline Adomeit und den Mainzer Kammersolisten.<\/p>\n<h2>Pressestimmen<\/h2>\n<div id=\"attachment_964\" style=\"width: 310px\" class=\"wp-caption alignleft\"><a href=\"http:\/\/www.foerderverein-hdb.de\/wp-content\/uploads\/2013\/11\/TZ_ParkFriends_09_11_13.jpg\" target=\"_blank\"><img aria-describedby=\"caption-attachment-964\" decoding=\"async\" class=\" wp-image-964  \" alt=\"TZ_Park&amp;Friends_09_11_13\" src=\"http:\/\/www.foerderverein-hdb.de\/wp-content\/uploads\/2013\/11\/TZ_ParkFriends_09_11_13-1024x464.jpg\" width=\"300\" srcset=\"http:\/\/www.foerderverein-hdb.de\/wp-content\/uploads\/2013\/11\/TZ_ParkFriends_09_11_13-1024x464.jpg 1024w, http:\/\/www.foerderverein-hdb.de\/wp-content\/uploads\/2013\/11\/TZ_ParkFriends_09_11_13-300x136.jpg 300w, http:\/\/www.foerderverein-hdb.de\/wp-content\/uploads\/2013\/11\/TZ_ParkFriends_09_11_13-500x226.jpg 500w, http:\/\/www.foerderverein-hdb.de\/wp-content\/uploads\/2013\/11\/TZ_ParkFriends_09_11_13.jpg 1200w\" sizes=\"(max-width: 1024px) 100vw, 1024px\" \/><\/a><p id=\"caption-attachment-964\" class=\"wp-caption-text\">Taunus Zeitung vom 12. November 2013. Bitte klicken Sie auf das Bild, um die Ansicht zu vergr\u00f6\u00dfern.<\/p><\/div>\n<div id=\"attachment_1020\" style=\"width: 132px\" class=\"wp-caption alignleft\"><a href=\"http:\/\/www.foerderverein-hdb.de\/wp-content\/uploads\/2013\/11\/KW_ParkFriends_09_11_13.jpg\" target=\"_blank\"><img aria-describedby=\"caption-attachment-1020\" decoding=\"async\" loading=\"lazy\" class=\"size-medium wp-image-1020 \" alt=\"K\u00f6nigsteiner Woche vom 14.11.2013. Bitte klicken Sie auf das Bild, um die Ansicht zu vergr\u00f6\u00dfern\" src=\"http:\/\/www.foerderverein-hdb.de\/wp-content\/uploads\/2013\/11\/KW_ParkFriends_09_11_13-122x300.jpg\" width=\"122\" height=\"300\" \/><\/a><p id=\"caption-attachment-1020\" class=\"wp-caption-text\">K\u00f6nigsteiner Woche vom 14.11.2013. Bitte klicken Sie auf das Bild, um die Ansicht zu vergr\u00f6\u00dfern.<\/p><\/div>\n<h2>Galerie<\/h2>\n<p><a href=\"http:\/\/www.foerderverein-hdb.de\/?page_id=959\">Hier<\/a> gelangen Sie zu unserer Galerie.<\/p>\n","protected":false},"excerpt":{"rendered":"<p>Am Samstag, 9. November 2013, begeisterte das K\u00f6nigsteiner Publikum aufs Neue der junge Pianist Christopher Park, der l\u00e4ngst eine internationale Karriere begonnen hat. Denn inzwischen spielt er weltweit umjubelte Konzerte. In den gut gef\u00fcllten gro\u00dfen Saal des Hauses der Begegnung &hellip; <a href=\"http:\/\/www.foerderverein-hdb.de\/?p=963\">Weiterlesen <span class=\"meta-nav\">&rarr;<\/span><\/a><\/p>\n","protected":false},"author":1,"featured_media":0,"comment_status":"open","ping_status":"open","sticky":false,"template":"","format":"standard","meta":[],"categories":[3],"tags":[18,14,5,6,17,15,16],"_links":{"self":[{"href":"http:\/\/www.foerderverein-hdb.de\/index.php?rest_route=\/wp\/v2\/posts\/963"}],"collection":[{"href":"http:\/\/www.foerderverein-hdb.de\/index.php?rest_route=\/wp\/v2\/posts"}],"about":[{"href":"http:\/\/www.foerderverein-hdb.de\/index.php?rest_route=\/wp\/v2\/types\/post"}],"author":[{"embeddable":true,"href":"http:\/\/www.foerderverein-hdb.de\/index.php?rest_route=\/wp\/v2\/users\/1"}],"replies":[{"embeddable":true,"href":"http:\/\/www.foerderverein-hdb.de\/index.php?rest_route=%2Fwp%2Fv2%2Fcomments&post=963"}],"version-history":[{"count":18,"href":"http:\/\/www.foerderverein-hdb.de\/index.php?rest_route=\/wp\/v2\/posts\/963\/revisions"}],"predecessor-version":[{"id":1023,"href":"http:\/\/www.foerderverein-hdb.de\/index.php?rest_route=\/wp\/v2\/posts\/963\/revisions\/1023"}],"wp:attachment":[{"href":"http:\/\/www.foerderverein-hdb.de\/index.php?rest_route=%2Fwp%2Fv2%2Fmedia&parent=963"}],"wp:term":[{"taxonomy":"category","embeddable":true,"href":"http:\/\/www.foerderverein-hdb.de\/index.php?rest_route=%2Fwp%2Fv2%2Fcategories&post=963"},{"taxonomy":"post_tag","embeddable":true,"href":"http:\/\/www.foerderverein-hdb.de\/index.php?rest_route=%2Fwp%2Fv2%2Ftags&post=963"}],"curies":[{"name":"wp","href":"https:\/\/api.w.org\/{rel}","templated":true}]}}