{"id":590,"date":"2013-02-11T17:35:37","date_gmt":"2013-02-11T15:35:37","guid":{"rendered":"http:\/\/www.foerderverein-hdb.de\/?p=590"},"modified":"2013-02-11T17:53:44","modified_gmt":"2013-02-11T15:53:44","slug":"wir-trauern-um-tilmann-koster","status":"publish","type":"post","link":"http:\/\/www.foerderverein-hdb.de\/?p=590","title":{"rendered":"Wir trauern um Tilmann K\u00f6ster"},"content":{"rendered":"<p style=\"text-align: justify;\">Tilmann K\u00f6ster ist tot<\/p>\n<p style=\"text-align: justify;\"><a href=\"http:\/\/www.foerderverein-hdb.de\/wp-content\/uploads\/2013\/02\/Til.jpg\"><img decoding=\"async\" class=\"alignleft  wp-image-591\" alt=\"Til\" src=\"http:\/\/www.foerderverein-hdb.de\/wp-content\/uploads\/2013\/02\/Til.jpg\" width=\"300\" srcset=\"http:\/\/www.foerderverein-hdb.de\/wp-content\/uploads\/2013\/02\/Til.jpg 576w, http:\/\/www.foerderverein-hdb.de\/wp-content\/uploads\/2013\/02\/Til-225x300.jpg 225w\" sizes=\"(max-width: 576px) 100vw, 576px\" \/><\/a>Geschockt und es nicht begreifen k\u00f6nnend, mussten wir die Nachricht entgegennehmen, dass unser Teamkollege Tilmann K\u00f6ster v\u00f6llig unerwartet am vergangenen Freitag gestorben ist. Til war nicht nur ein sehr gesch\u00e4tzter Kollege im Vorstand, sondern auch l\u00e4ngst zu einem lieben Freund geworden. Wir sind unendlich traurig.<\/p>\n<p style=\"text-align: justify;\">Til war in unserem Verein unter anderem f\u00fcr den Bereich Klassik zust\u00e4ndig und erf\u00fcllte als ausgebildeter Dirigent damit eine wesentliche Funktion. Seine Sachkenntnis, sein Engagement bis ins kleinste Detail und seine liebensw\u00fcrdige Art, f\u00fcr seine Sache zu \u201ebrennen\u201c wird uns so sehr fehlen. Noch sehr viel mehr wird uns unser Freund fehlen. Seine Anrufe und seine Mails, wenn er nur noch mal kurz etwas besprechen wollte und man am Telefon dann \u00fcber eine Stunde mit ihm plaudern konnte, \u00fcber dieses und jenes. Seine Mut machenden Worte und konstruktiven Vorschl\u00e4ge, sein Lachen, sein \u201egell\u201c.<\/p>\n<p style=\"text-align: justify;\">Til gestaltete nicht nur als Dirigent ma\u00dfgeblich unser Er\u00f6ffnungskonzert im HdB. Es ist ihm zu verdanken, dass sich durch seine kluge und feine Art der Programmauswahl dieser allerersten Veranstaltung im wiederer\u00f6ffneten Haus der Begegnung die Herzen der K\u00f6nigsteiner B\u00fcrger f\u00fcr die Halle \u00f6ffneten. Und auch deren Portemonnaies.<\/p>\n<p style=\"text-align: justify;\">Denn Til war auch der Vater des Fl\u00fcgels, der f\u00fcr das HdB angeschafft werden konnte. Er ist im gesamten Taunus herumgereist und hat sich die verschiedensten Instrumente angesehen und sie bespielt. Und schlie\u00dflich eine Wahl getroffen. Die offizielle \u00dcbergabe des Steinway-Fl\u00fcgels an die Stadt kann er nun nicht mehr miterleben.<\/p>\n<p style=\"text-align: justify;\">Und Til hatte noch so viel vor in unserem Verein. Gerade hatte er sein Konzept f\u00fcr die Konzertreihe \u201eKonzertpodium junger Solisten\u201c an uns geschickt, die als Mini-Abo Ende des Jahres beginnen sollte. Mit Akribie hat er m\u00f6gliche Termine recherchiert und bereits Kontakt mit Nachwuchstalenten aufgenommen. Wir wissen nicht, wie es ohne ihn weitergehen kann. Er ist nicht zu ersetzen.<\/p>\n<p style=\"text-align: justify;\">Aber Til war auch gerne auf anderen Gebieten kreativ t\u00e4tig und hat beispielsweise die Plakate und Programmhefte f\u00fcr unsere klassischen Konzerte mit au\u00dferordentlicher Sorgfalt gestaltet.<\/p>\n<p style=\"text-align: justify;\">Und er war freundlicher Ratgeber und kritischer Geist in allen Vereinsbelangen. Er fehlt. \u00dcberall.<\/p>\n<p style=\"text-align: justify;\">L\u00e4ngst vor seinem Engagement im HdB-F\u00f6rderverein war er in K\u00f6nigstein kein Unbekannter. Er war mit verschiedenen Ensembles regelm\u00e4\u00dfiger Gast bei den \u201eSchlosskonzerten\u201c im Luxemburgischen Schloss oder im Rahmen von \u201eTheater auf der Burg\u201c der Kulturgesellschaft.<\/p>\n<p style=\"text-align: justify;\">Sein Lebensmittelpunkt aber war seine Familie. Dort f\u00fchlte er sich am wohlsten. Geborgen und sicher. Und sie mit ihm. Til K\u00f6ster hinterl\u00e4sst seine Frau und zwei S\u00f6hne.<\/p>\n<p style=\"text-align: right;\"><em>Tina Tonsen<\/em><\/p>\n<p style=\"text-align: justify;\">Tils Beruflicher Werdegang:<\/p>\n<p style=\"text-align: justify;\"><b>Tilmann K\u00f6ster<\/b> erhielt seine musikalische Ausbildung an den Musikhochschulen in Frankfurt am Main und Freiburg im Breisgau. Zu seinen Lehrern z\u00e4hlten Wolfgang G\u00f6nnenwein und Helmut Rilling. Entscheidend f\u00fcr seine k\u00fcnstlerische Entwicklung war die Begegnung mit Sergiu Celibidache, bei dem er Dirigieren und Ph\u00e4nomenologie der Musik studierte.<\/p>\n<p style=\"text-align: justify;\">Seitdem stand er bei namhaften Orchestern im In- und Ausland am Pult \u2011 wie dem S\u00fcdwestdeutschen Kammerorchester, der Philharmonia Hungarica, der Polnischen Kammerphilharmonie oder den Tschechischen Symphonikern Prag \u2011 und ist in renommierten Konzerth\u00e4usern wie der Bonner Beethovenhalle, der Stuttgarter Liederhalle, der Philharmonie am Gasteig M\u00fcnchen, der K\u00f6lner Philharmonie sowie bei den Weilburger Schlosskonzerten und dem Festival International Luxembourg aufgetreten.<\/p>\n<p style=\"text-align: justify;\">K\u00f6sters Repertoire ist vielseitig und reicht vom Barock bis zur Gegenwart. Seine Zusammenarbeit mit ber\u00fchmten Solisten wie Giora Feidman, Nina Corti oder Igor Oistrach fand ebenso Beachtung wie seine Tourneen \u201eMillenium Symphony Tour\u201c und \u201eClassic &amp; Light Tour\u201c, die klassische Musik mit einer spektakul\u00e4ren Lasershow verbanden. Als k\u00fcnstlerischer Leiter der Internationalen Sommerakademie f\u00fcr Orchester und Kammermusik in Admont in der Steiermark setzte er sich f\u00fcr den musikalischen Nachwuchs ein. Seine Orchester-Arrangements zu Werken von Brahms, Alb\u00e9niz, Gershwin, Piazolla u.a. werden weltweit von f\u00fchrenden Orchestern aufgef\u00fchrt und sind auf CD erschienen.<\/p>\n","protected":false},"excerpt":{"rendered":"<p>Tilmann K\u00f6ster ist tot Geschockt und es nicht begreifen k\u00f6nnend, mussten wir die Nachricht entgegennehmen, dass unser Teamkollege Tilmann K\u00f6ster v\u00f6llig unerwartet am vergangenen Freitag gestorben ist. Til war nicht nur ein sehr gesch\u00e4tzter Kollege im Vorstand, sondern auch l\u00e4ngst &hellip; <a href=\"http:\/\/www.foerderverein-hdb.de\/?p=590\">Weiterlesen <span class=\"meta-nav\">&rarr;<\/span><\/a><\/p>\n","protected":false},"author":1,"featured_media":0,"comment_status":"open","ping_status":"open","sticky":false,"template":"","format":"standard","meta":[],"categories":[1],"tags":[],"_links":{"self":[{"href":"http:\/\/www.foerderverein-hdb.de\/index.php?rest_route=\/wp\/v2\/posts\/590"}],"collection":[{"href":"http:\/\/www.foerderverein-hdb.de\/index.php?rest_route=\/wp\/v2\/posts"}],"about":[{"href":"http:\/\/www.foerderverein-hdb.de\/index.php?rest_route=\/wp\/v2\/types\/post"}],"author":[{"embeddable":true,"href":"http:\/\/www.foerderverein-hdb.de\/index.php?rest_route=\/wp\/v2\/users\/1"}],"replies":[{"embeddable":true,"href":"http:\/\/www.foerderverein-hdb.de\/index.php?rest_route=%2Fwp%2Fv2%2Fcomments&post=590"}],"version-history":[{"count":9,"href":"http:\/\/www.foerderverein-hdb.de\/index.php?rest_route=\/wp\/v2\/posts\/590\/revisions"}],"predecessor-version":[{"id":600,"href":"http:\/\/www.foerderverein-hdb.de\/index.php?rest_route=\/wp\/v2\/posts\/590\/revisions\/600"}],"wp:attachment":[{"href":"http:\/\/www.foerderverein-hdb.de\/index.php?rest_route=%2Fwp%2Fv2%2Fmedia&parent=590"}],"wp:term":[{"taxonomy":"category","embeddable":true,"href":"http:\/\/www.foerderverein-hdb.de\/index.php?rest_route=%2Fwp%2Fv2%2Fcategories&post=590"},{"taxonomy":"post_tag","embeddable":true,"href":"http:\/\/www.foerderverein-hdb.de\/index.php?rest_route=%2Fwp%2Fv2%2Ftags&post=590"}],"curies":[{"name":"wp","href":"https:\/\/api.w.org\/{rel}","templated":true}]}}