{"id":2281,"date":"2024-11-15T20:23:41","date_gmt":"2024-11-15T18:23:41","guid":{"rendered":"http:\/\/www.foerderverein-hdb.de\/?p=2281"},"modified":"2024-11-15T20:23:41","modified_gmt":"2024-11-15T18:23:41","slug":"harfenabend","status":"publish","type":"post","link":"http:\/\/www.foerderverein-hdb.de\/?p=2281","title":{"rendered":"Harfenabend"},"content":{"rendered":"<p><b>Sonntag, 26. Januar 2025, 17 Uhr, Gro\u00dfer Saal<\/b><\/p>\n<p>H\u00e9lo\u00efse Carlean-Jones, Harfe<img decoding=\"async\" loading=\"lazy\" class=\"alignleft size-full wp-image-2278\" src=\"http:\/\/www.foerderverein-hdb.de\/wp-content\/uploads\/2024\/11\/Heloise-Carlean-Jones-06-05-2021-PRINT-7-1.jpg\" alt=\"\" width=\"1600\" height=\"1067\" srcset=\"http:\/\/www.foerderverein-hdb.de\/wp-content\/uploads\/2024\/11\/Heloise-Carlean-Jones-06-05-2021-PRINT-7-1.jpg 1600w, http:\/\/www.foerderverein-hdb.de\/wp-content\/uploads\/2024\/11\/Heloise-Carlean-Jones-06-05-2021-PRINT-7-1-300x200.jpg 300w, http:\/\/www.foerderverein-hdb.de\/wp-content\/uploads\/2024\/11\/Heloise-Carlean-Jones-06-05-2021-PRINT-7-1-1024x683.jpg 1024w, http:\/\/www.foerderverein-hdb.de\/wp-content\/uploads\/2024\/11\/Heloise-Carlean-Jones-06-05-2021-PRINT-7-1-768x512.jpg 768w, http:\/\/www.foerderverein-hdb.de\/wp-content\/uploads\/2024\/11\/Heloise-Carlean-Jones-06-05-2021-PRINT-7-1-1536x1024.jpg 1536w, http:\/\/www.foerderverein-hdb.de\/wp-content\/uploads\/2024\/11\/Heloise-Carlean-Jones-06-05-2021-PRINT-7-1-450x300.jpg 450w\" sizes=\"(max-width: 1600px) 100vw, 1600px\" \/><\/p>\n<p style=\"text-align: justify;\">H\u00e9lo\u00efse Carlean-Jones ist eine franz\u00f6sische Harfenistin mit s\u00fcdafrikanischen Wurzeln, die als Solistin, Kammer- und Orchestermusikerin arbeitet. Zahlreiche Wettbewerbspreise zeugen von ihrer k\u00fcnstlerischen Qualit\u00e4t. Bei ihrem Konzert im Haus der Begegnung pr\u00e4sentiert sie einen Strau\u00df der sch\u00f6nsten Melodien aus der Klassik und Romantik, wie z.B. Faur\u00e9s Impromptu op. 86, Spohrs Fantasie op. 35 und eine Bearbeitung von Debussys Clair de lune aus der Suite bergamasque.<\/p>\n<p><strong>\u00a0<\/strong><\/p>\n","protected":false},"excerpt":{"rendered":"<p>Sonntag, 26. Januar 2025, 17 Uhr, Gro\u00dfer Saal H\u00e9lo\u00efse Carlean-Jones, Harfe H\u00e9lo\u00efse Carlean-Jones ist eine franz\u00f6sische Harfenistin mit s\u00fcdafrikanischen Wurzeln, die als Solistin, Kammer- und Orchestermusikerin arbeitet. Zahlreiche Wettbewerbspreise zeugen von ihrer k\u00fcnstlerischen Qualit\u00e4t. Bei ihrem Konzert im Haus der &hellip; <a href=\"http:\/\/www.foerderverein-hdb.de\/?p=2281\">Weiterlesen <span class=\"meta-nav\">&rarr;<\/span><\/a><\/p>\n","protected":false},"author":1,"featured_media":0,"comment_status":"closed","ping_status":"closed","sticky":false,"template":"","format":"standard","meta":[],"categories":[1],"tags":[],"_links":{"self":[{"href":"http:\/\/www.foerderverein-hdb.de\/index.php?rest_route=\/wp\/v2\/posts\/2281"}],"collection":[{"href":"http:\/\/www.foerderverein-hdb.de\/index.php?rest_route=\/wp\/v2\/posts"}],"about":[{"href":"http:\/\/www.foerderverein-hdb.de\/index.php?rest_route=\/wp\/v2\/types\/post"}],"author":[{"embeddable":true,"href":"http:\/\/www.foerderverein-hdb.de\/index.php?rest_route=\/wp\/v2\/users\/1"}],"replies":[{"embeddable":true,"href":"http:\/\/www.foerderverein-hdb.de\/index.php?rest_route=%2Fwp%2Fv2%2Fcomments&post=2281"}],"version-history":[{"count":1,"href":"http:\/\/www.foerderverein-hdb.de\/index.php?rest_route=\/wp\/v2\/posts\/2281\/revisions"}],"predecessor-version":[{"id":2282,"href":"http:\/\/www.foerderverein-hdb.de\/index.php?rest_route=\/wp\/v2\/posts\/2281\/revisions\/2282"}],"wp:attachment":[{"href":"http:\/\/www.foerderverein-hdb.de\/index.php?rest_route=%2Fwp%2Fv2%2Fmedia&parent=2281"}],"wp:term":[{"taxonomy":"category","embeddable":true,"href":"http:\/\/www.foerderverein-hdb.de\/index.php?rest_route=%2Fwp%2Fv2%2Fcategories&post=2281"},{"taxonomy":"post_tag","embeddable":true,"href":"http:\/\/www.foerderverein-hdb.de\/index.php?rest_route=%2Fwp%2Fv2%2Ftags&post=2281"}],"curies":[{"name":"wp","href":"https:\/\/api.w.org\/{rel}","templated":true}]}}