{"id":2002,"date":"2022-02-05T12:10:13","date_gmt":"2022-02-05T10:10:13","guid":{"rendered":"http:\/\/www.foerderverein-hdb.de\/?p=2002"},"modified":"2022-02-05T13:10:13","modified_gmt":"2022-02-05T11:10:13","slug":"duo-abend-zum-250-geburtstag-von-ludwig-van-beethoven","status":"publish","type":"post","link":"http:\/\/www.foerderverein-hdb.de\/?p=2002","title":{"rendered":"Duo-Abend Violoncello und Klavier"},"content":{"rendered":"<h1><strong>Sonntag, 3. April 2022, 17 Uhr, Gro\u00dfer Saal<\/strong><\/h1>\n<p>Katharina Deserno, Violoncello<br \/>\nNenad Le\u010di\u0107, Klavier<\/p>\n<p><img decoding=\"async\" loading=\"lazy\" class=\"alignleft size-full wp-image-1833\" src=\"http:\/\/www.foerderverein-hdb.de\/wp-content\/uploads\/2019\/11\/2012-01-25-Deserno-0476-druck.jpg\" alt=\"\" width=\"5287\" height=\"3525\" srcset=\"http:\/\/www.foerderverein-hdb.de\/wp-content\/uploads\/2019\/11\/2012-01-25-Deserno-0476-druck.jpg 5287w, http:\/\/www.foerderverein-hdb.de\/wp-content\/uploads\/2019\/11\/2012-01-25-Deserno-0476-druck-300x200.jpg 300w, http:\/\/www.foerderverein-hdb.de\/wp-content\/uploads\/2019\/11\/2012-01-25-Deserno-0476-druck-768x512.jpg 768w, http:\/\/www.foerderverein-hdb.de\/wp-content\/uploads\/2019\/11\/2012-01-25-Deserno-0476-druck-1024x683.jpg 1024w, http:\/\/www.foerderverein-hdb.de\/wp-content\/uploads\/2019\/11\/2012-01-25-Deserno-0476-druck-450x300.jpg 450w\" sizes=\"(max-width: 5287px) 100vw, 5287px\" \/><\/p>\n<p style=\"text-align: justify;\">Das im April 2020 erstmalig ausgefallene und dann Corona-bedingt mehrfach verschobene Konzert mit <strong>Katharina Deserno<\/strong> (Violoncello) und <strong>Nenad Le\u010di\u0107<\/strong> (Klavier) wird nun am Sonntag, den 3. April 2022 stattfinden. Entsprechend wird das Programm neu zusammengestellt und sich nun anderen Jubilaren widmen. Vorgesehen sind u.a. die Cellosonate A-Dur von C\u00e9sar Franck (200. Geburtstag) und eine der beiden Cellosonaten von Felix Mendelssohn Bartholdy (175. Todestag). Die beiden Musiker*innen sind Professorin, bzw. Dozent an den Musikhochschulen Frankfurt\/M. und K\u00f6ln.<\/p>\n<p style=\"text-align: justify;\">Die Abonnements der Saison 2019\/2020 behalten f\u00fcr dieses Konzert ihre G\u00fcltigkeit.<\/p>\n","protected":false},"excerpt":{"rendered":"<p>Sonntag, 3. April 2022, 17 Uhr, Gro\u00dfer Saal Katharina Deserno, Violoncello Nenad Le\u010di\u0107, Klavier Das im April 2020 erstmalig ausgefallene und dann Corona-bedingt mehrfach verschobene Konzert mit Katharina Deserno (Violoncello) und Nenad Le\u010di\u0107 (Klavier) wird nun am Sonntag, den 3. &hellip; <a href=\"http:\/\/www.foerderverein-hdb.de\/?p=2002\">Weiterlesen <span class=\"meta-nav\">&rarr;<\/span><\/a><\/p>\n","protected":false},"author":1,"featured_media":0,"comment_status":"closed","ping_status":"closed","sticky":false,"template":"","format":"standard","meta":[],"categories":[1],"tags":[],"_links":{"self":[{"href":"http:\/\/www.foerderverein-hdb.de\/index.php?rest_route=\/wp\/v2\/posts\/2002"}],"collection":[{"href":"http:\/\/www.foerderverein-hdb.de\/index.php?rest_route=\/wp\/v2\/posts"}],"about":[{"href":"http:\/\/www.foerderverein-hdb.de\/index.php?rest_route=\/wp\/v2\/types\/post"}],"author":[{"embeddable":true,"href":"http:\/\/www.foerderverein-hdb.de\/index.php?rest_route=\/wp\/v2\/users\/1"}],"replies":[{"embeddable":true,"href":"http:\/\/www.foerderverein-hdb.de\/index.php?rest_route=%2Fwp%2Fv2%2Fcomments&post=2002"}],"version-history":[{"count":6,"href":"http:\/\/www.foerderverein-hdb.de\/index.php?rest_route=\/wp\/v2\/posts\/2002\/revisions"}],"predecessor-version":[{"id":2118,"href":"http:\/\/www.foerderverein-hdb.de\/index.php?rest_route=\/wp\/v2\/posts\/2002\/revisions\/2118"}],"wp:attachment":[{"href":"http:\/\/www.foerderverein-hdb.de\/index.php?rest_route=%2Fwp%2Fv2%2Fmedia&parent=2002"}],"wp:term":[{"taxonomy":"category","embeddable":true,"href":"http:\/\/www.foerderverein-hdb.de\/index.php?rest_route=%2Fwp%2Fv2%2Fcategories&post=2002"},{"taxonomy":"post_tag","embeddable":true,"href":"http:\/\/www.foerderverein-hdb.de\/index.php?rest_route=%2Fwp%2Fv2%2Ftags&post=2002"}],"curies":[{"name":"wp","href":"https:\/\/api.w.org\/{rel}","templated":true}]}}