{"id":1611,"date":"2016-10-13T13:09:41","date_gmt":"2016-10-13T11:09:41","guid":{"rendered":"http:\/\/www.foerderverein-hdb.de\/?p=1611"},"modified":"2016-10-25T12:40:29","modified_gmt":"2016-10-25T10:40:29","slug":"trio-horn-violine-klavier-am-13-november","status":"publish","type":"post","link":"http:\/\/www.foerderverein-hdb.de\/?p=1611","title":{"rendered":"Trio Horn, Violine, Klavier am 13. November"},"content":{"rendered":"<p><span style=\"font-size: 12pt;\"><strong>13. November 2016<\/strong><\/span><br \/>\n<span style=\"font-size: 18pt;\"><strong>Trio Horn, Violine, Klavier<\/strong><\/span><br \/>\nStefan Kr\u00f6ger &#8211; Horn<br \/>\nAnna Marila &#8211; Violine<br \/>\nIsabel von Bernstorff &#8211; Klavier<\/p>\n<p>Werke von Beethoven und Brahms<\/p>\n<p><img decoding=\"async\" loading=\"lazy\" class=\"alignright wp-image-1609 \" src=\"http:\/\/www.foerderverein-hdb.de\/wp-content\/uploads\/2016\/10\/Trio-Horn1.jpg\" width=\"583\" height=\"393\" \/><\/p>\n<p>Der F\u00f6rderverein Haus der Begegnung l\u00e4dt f\u00fcr Sonntag, 13. November 2016, zu seinem n\u00e4chsten Kammerkonzert ein.<\/p>\n<p>Die Kombination von Horn, Violine und Klavier ist sehr selten in der Kammermusik anzutreffen. Allerdings hat sie durch das sogenannte \u201eHorn-Trio\u201d von Johannes Brahms eine enorme Bekanntheit errungen. Dieses Werk wird als Hauptprogrammpunkt erklingen, wenn der Hornist<strong> Stephan Kr\u00f6ger <\/strong>(Deutschland), die Geigerin<strong> Anna Marila<\/strong> (Finnland) und die Pianistin<strong> Isabel von Bernstorff <\/strong>(Deutschland) die B\u00fchne betreten. Mit diesem Ensemble erf\u00e4hrt unsere klassische Konzertreihe eine ganz besondere Bereicherung und erf\u00fcllt gleichzeitig den Anspruch, vor allem junge K\u00fcnstler zu f\u00f6rdern.<\/p>\n<p>Karten zu 20 \u20ac bzw. 15 \u20ac (zuz\u00fcglich Vorverkaufsgeb\u00fchr) gibt es bei der Kur- und Stadtinformation K\u00f6nigstein, Hauptstra\u00dfe 13a, Telefon (06174) 202 251.<\/p>\n","protected":false},"excerpt":{"rendered":"<p>13. November 2016 Trio Horn, Violine, Klavier Stefan Kr\u00f6ger &#8211; Horn Anna Marila &#8211; Violine Isabel von Bernstorff &#8211; Klavier Werke von Beethoven und Brahms Der F\u00f6rderverein Haus der Begegnung l\u00e4dt f\u00fcr Sonntag, 13. November 2016, zu seinem n\u00e4chsten Kammerkonzert &hellip; <a href=\"http:\/\/www.foerderverein-hdb.de\/?p=1611\">Weiterlesen <span class=\"meta-nav\">&rarr;<\/span><\/a><\/p>\n","protected":false},"author":1,"featured_media":0,"comment_status":"closed","ping_status":"closed","sticky":false,"template":"","format":"standard","meta":[],"categories":[1],"tags":[],"_links":{"self":[{"href":"http:\/\/www.foerderverein-hdb.de\/index.php?rest_route=\/wp\/v2\/posts\/1611"}],"collection":[{"href":"http:\/\/www.foerderverein-hdb.de\/index.php?rest_route=\/wp\/v2\/posts"}],"about":[{"href":"http:\/\/www.foerderverein-hdb.de\/index.php?rest_route=\/wp\/v2\/types\/post"}],"author":[{"embeddable":true,"href":"http:\/\/www.foerderverein-hdb.de\/index.php?rest_route=\/wp\/v2\/users\/1"}],"replies":[{"embeddable":true,"href":"http:\/\/www.foerderverein-hdb.de\/index.php?rest_route=%2Fwp%2Fv2%2Fcomments&post=1611"}],"version-history":[{"count":2,"href":"http:\/\/www.foerderverein-hdb.de\/index.php?rest_route=\/wp\/v2\/posts\/1611\/revisions"}],"predecessor-version":[{"id":1622,"href":"http:\/\/www.foerderverein-hdb.de\/index.php?rest_route=\/wp\/v2\/posts\/1611\/revisions\/1622"}],"wp:attachment":[{"href":"http:\/\/www.foerderverein-hdb.de\/index.php?rest_route=%2Fwp%2Fv2%2Fmedia&parent=1611"}],"wp:term":[{"taxonomy":"category","embeddable":true,"href":"http:\/\/www.foerderverein-hdb.de\/index.php?rest_route=%2Fwp%2Fv2%2Fcategories&post=1611"},{"taxonomy":"post_tag","embeddable":true,"href":"http:\/\/www.foerderverein-hdb.de\/index.php?rest_route=%2Fwp%2Fv2%2Ftags&post=1611"}],"curies":[{"name":"wp","href":"https:\/\/api.w.org\/{rel}","templated":true}]}}