{"id":1458,"date":"2015-08-30T19:19:43","date_gmt":"2015-08-30T17:19:43","guid":{"rendered":"http:\/\/www.foerderverein-hdb.de\/?p=1458"},"modified":"2015-10-17T19:34:34","modified_gmt":"2015-10-17T17:34:34","slug":"kammerkonzerte-tilmann-koester-neue-saison-beginnt","status":"publish","type":"post","link":"http:\/\/www.foerderverein-hdb.de\/?p=1458","title":{"rendered":"Kammerkonzerte Tilmann K\u00f6ster: Neue Saison beginnt"},"content":{"rendered":"<p>Die Reihe &#8222;Kammerkonzerte Tilmann K\u00f6ster&#8220; geht in eine neue Saison, die am 11. Oktober mit einem Chopin-Abend des Echo-Preistr\u00e4gers Hardy Rittner beginnt.<\/p>\n<p>Das gesamte Programm k\u00f6nnen Sie hier sehen.<\/p>\n<p>F\u00fcr diese Konzertreihe bietet der F\u00f6rderverein ein Abonnement an. N\u00e4here Infos dazu <a href=\"http:\/\/www.foerderverein-hdb.de\/?page_id=1133\" target=\"_blank\">hier<\/a>.<\/p>\n<p>Alle Konzerte finden sonntags statt. Beginn ist jeweils um 17 Uhr.<br \/>\nDer Vorverkauf f\u00fcr Hardy Rittner hat begonnen.<\/p>\n<h1><span style=\"font-size: 18pt;\">Saison 2015 \/ 2016:<\/span><\/h1>\n<p><strong>11. Oktober 2015<br \/>\n<strong>Klavierabend Hardy Rittner<\/strong><\/strong><\/p>\n<p><a href=\"http:\/\/www.foerderverein-hdb.de\/wp-content\/uploads\/2015\/08\/img1122-klein.jpg\"><img decoding=\"async\" loading=\"lazy\" class=\"alignleft size-medium wp-image-1454\" src=\"http:\/\/www.foerderverein-hdb.de\/wp-content\/uploads\/2015\/08\/img1122-klein-200x300.jpg\" alt=\"img1122-klein\" width=\"200\" height=\"300\" srcset=\"http:\/\/www.foerderverein-hdb.de\/wp-content\/uploads\/2015\/08\/img1122-klein-200x300.jpg 200w, http:\/\/www.foerderverein-hdb.de\/wp-content\/uploads\/2015\/08\/img1122-klein.jpg 500w\" sizes=\"(max-width: 200px) 100vw, 200px\" \/><\/a>Der zweifache Echopreistr\u00e4ger Hardy Rittner wird mit einem ganz Fr\u00e9d\u00e9ric Chopin gewidmeten Programm die Saison 2015\/16 er\u00f6ffnen. Als einer der herausragenden K\u00fcnstler der j\u00fcngeren Generation pr\u00e4sentiert er uns den Komponisten, der dem Klavier in einzigartiger Weise seine besondere Stellung gegeben hat.<br \/>\nIm Programm vorgesehen sind neben den vier Impromptus sowie einigen Mazurkas und Nocturnes, auch die 24 Pr\u00e9ludes op. 28, von denen beim B\u00e4renreiter-Verlag im Herbst 2015 eine von Rittner mit Spielanweisungen und Kommentaren versehene neue Ausgabe erscheinen wird.<\/p>\n<p>&nbsp;<\/p>\n<p><strong>8. November 2015<\/strong><br \/>\n<strong>Quartett Ol\u00e9<\/strong><br \/>\n<a href=\"http:\/\/www.foerderverein-hdb.de\/wp-content\/uploads\/2015\/08\/Ole-klein.jpg\"><img decoding=\"async\" loading=\"lazy\" class=\"alignright size-medium wp-image-1456\" src=\"http:\/\/www.foerderverein-hdb.de\/wp-content\/uploads\/2015\/08\/Ole-klein-300x219.jpg\" alt=\"Ole-klein\" width=\"300\" height=\"219\" srcset=\"http:\/\/www.foerderverein-hdb.de\/wp-content\/uploads\/2015\/08\/Ole-klein-300x219.jpg 300w, http:\/\/www.foerderverein-hdb.de\/wp-content\/uploads\/2015\/08\/Ole-klein-412x300.jpg 412w, http:\/\/www.foerderverein-hdb.de\/wp-content\/uploads\/2015\/08\/Ole-klein.jpg 600w\" sizes=\"(max-width: 300px) 100vw, 300px\" \/><\/a>Carolina Hern\u00e1ndez \u2013 Querfl\u00f6te, Carlos Vivas \u2013 Cuatro, Frederich Helbing \u2013 Gitarre, Nicol\u00e0 von Goetze \u2013 Kontrabass<\/p>\n<p>Ganz im Sinne Tilmann K\u00f6sters und seiner Idee folgend, besonders junge Talente zu f\u00f6rdern, erleben Sie vier Absolventen der Frankfurter Musikhochschule, die sich im Quartetto Ol\u00e9 zusammengeschlossen und in einer seltenen Instrumenten-Kombination den Schwerpunkt ihres Konzertes auf lateinamerikanische Musik gelegt haben.<\/p>\n<p><strong> 14. Februar 2016<br \/>\n<strong>Harparlando \u2013 Konzert mit zwei Harfen<\/strong><\/strong><\/p>\n<p><a href=\"http:\/\/www.foerderverein-hdb.de\/wp-content\/uploads\/2015\/08\/Harparlando_klein.jpg\"><img decoding=\"async\" loading=\"lazy\" class=\"alignleft wp-image-1455\" src=\"http:\/\/www.foerderverein-hdb.de\/wp-content\/uploads\/2015\/08\/Harparlando_klein-264x300.jpg\" alt=\"Harparlando_klein\" width=\"164\" height=\"185\" \/><\/a>Das Harfen-Duo Harparlando mit Johanna Keune und Karin Schnur spielt seit 2009 zusammen und ist seit 2011 allj\u00e4hrlich auf einer erfolgreichen \u201eSommertour\u201c in ganz Deutschland zu h\u00f6ren. Das vielseitige Repertoire der beiden K\u00fcnstlerinnen reicht von Barock \u00fcber Romantik bis hin zu neuer Musik. Besonders reizvoll wird ihr Programm durch eigene Arrangements von Jazzstandards und Weltmusik, denen sie sich mit Freude widmen. Ein Klangerlebnis der besonderen Art.<\/p>\n<p><strong>24. April 2016<br \/>\nKerstin Bruns, Sopran und das Johann-Strau\u00df-Orchester Kurpfalz<\/strong><\/p>\n<p><a href=\"http:\/\/www.foerderverein-hdb.de\/wp-content\/uploads\/2015\/08\/Bruns-klein.jpg\"><img decoding=\"async\" loading=\"lazy\" class=\"alignright size-medium wp-image-1452\" src=\"http:\/\/www.foerderverein-hdb.de\/wp-content\/uploads\/2015\/08\/Bruns-klein-208x300.jpg\" alt=\"Bruns-klein\" width=\"208\" height=\"300\" srcset=\"http:\/\/www.foerderverein-hdb.de\/wp-content\/uploads\/2015\/08\/Bruns-klein-208x300.jpg 208w, http:\/\/www.foerderverein-hdb.de\/wp-content\/uploads\/2015\/08\/Bruns-klein.jpg 400w\" sizes=\"(max-width: 208px) 100vw, 208px\" \/><\/a>Zum Abschluss der zweiten Abonnement-Saison pr\u00e4sentiert der F\u00f6rderverein die aus K\u00f6nigstein stammende Sopranistin Kerstin Bruns und das Johann-Strau\u00df-Orchester Kurpfalz. Die vielseitige K\u00fcnstlerin hat sich sowohl als Konzerts\u00e4ngerin als auch mit ausgew\u00e4hlten Opernrollen einen Namen gemacht. Alle Orchestermusiker sind hauptamtlich in den Orchestern des Nationaltheaters Mannheim, im Philharmonischen Orchester der Stadt Heidelberg und der Deutschen Staatsphilharmonie Rheinland-Pfalz im festen Engagement. Zusammen werden sie mit beliebten Melodien aus Operette und Musical mit uns gemeinsam den Fr\u00fchling begr\u00fc\u00dfen.<\/p>\n<p><a href=\"http:\/\/www.foerderverein-hdb.de\/wp-content\/uploads\/2015\/08\/J-S-Kurpfalz-Orchester_klein.jpg\"><img decoding=\"async\" loading=\"lazy\" class=\"aligncenter size-full wp-image-1453\" src=\"http:\/\/www.foerderverein-hdb.de\/wp-content\/uploads\/2015\/08\/J-S-Kurpfalz-Orchester_klein.jpg\" alt=\"J-S-Kurpfalz-Orchester_klein\" width=\"800\" height=\"353\" srcset=\"http:\/\/www.foerderverein-hdb.de\/wp-content\/uploads\/2015\/08\/J-S-Kurpfalz-Orchester_klein.jpg 800w, http:\/\/www.foerderverein-hdb.de\/wp-content\/uploads\/2015\/08\/J-S-Kurpfalz-Orchester_klein-300x132.jpg 300w, http:\/\/www.foerderverein-hdb.de\/wp-content\/uploads\/2015\/08\/J-S-Kurpfalz-Orchester_klein-500x221.jpg 500w\" sizes=\"(max-width: 800px) 100vw, 800px\" \/><\/a><\/p>\n","protected":false},"excerpt":{"rendered":"<p>Die Reihe &#8222;Kammerkonzerte Tilmann K\u00f6ster&#8220; geht in eine neue Saison, die am 11. Oktober mit einem Chopin-Abend des Echo-Preistr\u00e4gers Hardy Rittner beginnt. Das gesamte Programm k\u00f6nnen Sie hier sehen. F\u00fcr diese Konzertreihe bietet der F\u00f6rderverein ein Abonnement an. N\u00e4here Infos &hellip; <a href=\"http:\/\/www.foerderverein-hdb.de\/?p=1458\">Weiterlesen <span class=\"meta-nav\">&rarr;<\/span><\/a><\/p>\n","protected":false},"author":1,"featured_media":0,"comment_status":"closed","ping_status":"closed","sticky":false,"template":"","format":"standard","meta":[],"categories":[1],"tags":[],"_links":{"self":[{"href":"http:\/\/www.foerderverein-hdb.de\/index.php?rest_route=\/wp\/v2\/posts\/1458"}],"collection":[{"href":"http:\/\/www.foerderverein-hdb.de\/index.php?rest_route=\/wp\/v2\/posts"}],"about":[{"href":"http:\/\/www.foerderverein-hdb.de\/index.php?rest_route=\/wp\/v2\/types\/post"}],"author":[{"embeddable":true,"href":"http:\/\/www.foerderverein-hdb.de\/index.php?rest_route=\/wp\/v2\/users\/1"}],"replies":[{"embeddable":true,"href":"http:\/\/www.foerderverein-hdb.de\/index.php?rest_route=%2Fwp%2Fv2%2Fcomments&post=1458"}],"version-history":[{"count":4,"href":"http:\/\/www.foerderverein-hdb.de\/index.php?rest_route=\/wp\/v2\/posts\/1458\/revisions"}],"predecessor-version":[{"id":1513,"href":"http:\/\/www.foerderverein-hdb.de\/index.php?rest_route=\/wp\/v2\/posts\/1458\/revisions\/1513"}],"wp:attachment":[{"href":"http:\/\/www.foerderverein-hdb.de\/index.php?rest_route=%2Fwp%2Fv2%2Fmedia&parent=1458"}],"wp:term":[{"taxonomy":"category","embeddable":true,"href":"http:\/\/www.foerderverein-hdb.de\/index.php?rest_route=%2Fwp%2Fv2%2Fcategories&post=1458"},{"taxonomy":"post_tag","embeddable":true,"href":"http:\/\/www.foerderverein-hdb.de\/index.php?rest_route=%2Fwp%2Fv2%2Ftags&post=1458"}],"curies":[{"name":"wp","href":"https:\/\/api.w.org\/{rel}","templated":true}]}}