{"id":1347,"date":"2015-01-18T14:07:16","date_gmt":"2015-01-18T12:07:16","guid":{"rendered":"http:\/\/www.foerderverein-hdb.de\/?p=1347"},"modified":"2015-01-18T14:08:13","modified_gmt":"2015-01-18T12:08:13","slug":"gespraechskonzert-mit-rolf-kohlrausch-klavier","status":"publish","type":"post","link":"http:\/\/www.foerderverein-hdb.de\/?p=1347","title":{"rendered":"Gespr\u00e4chskonzert mit Rolf Kohlrausch (Klavier)"},"content":{"rendered":"<div id=\"attachment_798\" style=\"width: 594px\" class=\"wp-caption aligncenter\"><a href=\"http:\/\/www.foerderverein-hdb.de\/wp-content\/uploads\/2013\/05\/Kohlrausch_2.jpg\"><img aria-describedby=\"caption-attachment-798\" decoding=\"async\" loading=\"lazy\" class=\"size-large wp-image-798\" src=\"http:\/\/www.foerderverein-hdb.de\/wp-content\/uploads\/2013\/05\/Kohlrausch_2-1024x683.jpg\" alt=\"Pianist Kolf Kohlrausch spielt und erl\u00e4utert St\u00fccke von Schubert, Beethopven und Debussy.\" width=\"584\" height=\"390\" srcset=\"http:\/\/www.foerderverein-hdb.de\/wp-content\/uploads\/2013\/05\/Kohlrausch_2-1024x683.jpg 1024w, http:\/\/www.foerderverein-hdb.de\/wp-content\/uploads\/2013\/05\/Kohlrausch_2-300x200.jpg 300w, http:\/\/www.foerderverein-hdb.de\/wp-content\/uploads\/2013\/05\/Kohlrausch_2-449x300.jpg 449w, http:\/\/www.foerderverein-hdb.de\/wp-content\/uploads\/2013\/05\/Kohlrausch_2.jpg 1280w\" sizes=\"(max-width: 584px) 100vw, 584px\" \/><\/a><p id=\"caption-attachment-798\" class=\"wp-caption-text\">Pianist Kolf Kohlrausch spielt und erl\u00e4utert St\u00fccke von Schubert, Beethoven und Debussy.<\/p><\/div>\n<p>F\u00fcr Sonntag, 25. Januar, 17 Uhr, l\u00e4dt der F\u00f6rderverein des Hauses der Begegnung zu einem Klavierkonzert in den gro\u00dfen Saal des HdB ein, bei dem die wunderbare Musik auf dem Fl\u00fcgel nicht unkommentiert gespielt wird.<\/p>\n<p>Pianist Rolf Kohlrausch wird zu den einzelnen St\u00fccken interessante und sicherlich auch noch unbekannte Informationen geben und auch die eine oder andere Anekdoten erz\u00e4hlen, die besondere Einblicke in das Werk und die jeweilige Zeit der Komponisten geben. Deshalb hat der K\u00f6nigsteiner Verein diesen Kunstgenuss \u201eGespr\u00e4chskonzert\u201c genannt.<\/p>\n<p>Wen oder was hatte Franz Schubert im Sinn, als er das Impromtu As-Dur schrieb? Wem war die Klaviersonate Nr. 8 in c-Moll von Ludwig van Beethoven gewidmet und warum wurde das erste Heft der Pr\u00e9ludes von Claude Debussy sofort zum gro\u00dfen Erfolg und gilt bis heute als Inbegriff Debussy\u2019scher Klavierkunst?<\/p>\n<p>Pianist Rolf Kohlrausch, der auch im Vorstand des F\u00f6rdervereins als K\u00fcnstlerischer Berater mitarbeitet, wei\u00df die Antworten. Und er teilt sie mit dem Publikum genauso gekonnt, wie sein exzellentes Spiel der Werke dieser Ausnahmekomponisten. Ein genauso musikalisch-anregendes wie informatives Konzert erwartet die G\u00e4ste.<\/p>\n<p>Platzkarten zu 15 beziehungsweise 20 Euro (Sch\u00fcler und Studenten zahlen auf allen Pl\u00e4tzen 10 Euro), jeweils zuz\u00fcglich Vorverkaufsgeb\u00fchr, gibt es bei der Kur- und Stadtinformation K\u00f6nigstein, Hauptstra\u00dfe 13a (Kurparkpassage), Telefon (0 61 74) 20 22 51.<\/p>\n<p style=\"text-align: center;\"><strong><span style=\"font-size: 18pt;\">Programm<\/span><\/strong><\/p>\n<p style=\"text-align: center;\"><strong>Franz Schubert (1797 &#8211; 1828)<\/strong><br \/>\nImpromptu As-Dur op. 142,2<\/p>\n<p style=\"text-align: center;\"><strong>Ludwig van Beethoven (1770 &#8211; 1827)<\/strong><br \/>\nSonate c-Moll op. 13 \u201ePath\u00e9tique\u201c<br \/>\nGrave \u2013 Allegro di molto e con brio<br \/>\nAdagio cantabile<br \/>\nRondo \u2013 Allegro<\/p>\n<p style=\"text-align: center;\"><em>Pause<\/em><\/p>\n<p style=\"text-align: center;\"><strong>Claude Debussy (1862 &#8211; 1918)<\/strong><br \/>\nZw\u00f6lf Pr\u00e9ludes Heft I<\/p>\n<p style=\"text-align: center;\">Danseuses de Delphes<br \/>\n<em>T\u00e4nzerinnen von Delphi<\/em><\/p>\n<p style=\"text-align: center;\">Voiles<br \/>\n<em>Segel \/ Schleier<\/em><\/p>\n<p style=\"text-align: center;\">Le vent dans la plaine<br \/>\n<em>Der Wind in der Ebene<\/em><\/p>\n<p style=\"text-align: center;\">Les sons et les parfums<br \/>\ntournent dans l\u2018air du soir<br \/>\n<em>Die Kl\u00e4nge und die D\u00fcfte<\/em><br \/>\n<em>schwirren in der Abendluft<\/em><\/p>\n<p style=\"text-align: center;\">Les collines d\u2018Anacapri<br \/>\nDie H\u00fcgel von Anacapri<\/p>\n<p style=\"text-align: center;\">Des pas sur la neige<br \/>\n<em>Schritte im Schnee<\/em><\/p>\n<p style=\"text-align: center;\">Ce qu\u2018a vu le vent d\u2018Ouest<br \/>\n<em>Was der Westwind gesehen hat<\/em><\/p>\n<p style=\"text-align: center;\">La fille aux cheveux de lin<br \/>\n<em>Das M\u00e4dchen mit dem Flachshaar<\/em><\/p>\n<p style=\"text-align: center;\">La s\u00e9r\u00e9nade interrompue<br \/>\n<em>Das unterbrochene St\u00e4ndchen<\/em><\/p>\n<p style=\"text-align: center;\">La Cath\u00e9drale engloutie<br \/>\n<em>Die versunkene Kathedrale<\/em><\/p>\n<p style=\"text-align: center;\">La danse de Puck<br \/>\n<em>Der Tanz des Puck<\/em><\/p>\n<p style=\"text-align: center;\">Minstrels<br \/>\n<em>Spielleute \/ Gaukler<\/em><\/p>\n","protected":false},"excerpt":{"rendered":"<p>F\u00fcr Sonntag, 25. Januar, 17 Uhr, l\u00e4dt der F\u00f6rderverein des Hauses der Begegnung zu einem Klavierkonzert in den gro\u00dfen Saal des HdB ein, bei dem die wunderbare Musik auf dem Fl\u00fcgel nicht unkommentiert gespielt wird. Pianist Rolf Kohlrausch wird zu &hellip; <a href=\"http:\/\/www.foerderverein-hdb.de\/?p=1347\">Weiterlesen <span class=\"meta-nav\">&rarr;<\/span><\/a><\/p>\n","protected":false},"author":1,"featured_media":0,"comment_status":"closed","ping_status":"closed","sticky":false,"template":"","format":"standard","meta":[],"categories":[1],"tags":[],"_links":{"self":[{"href":"http:\/\/www.foerderverein-hdb.de\/index.php?rest_route=\/wp\/v2\/posts\/1347"}],"collection":[{"href":"http:\/\/www.foerderverein-hdb.de\/index.php?rest_route=\/wp\/v2\/posts"}],"about":[{"href":"http:\/\/www.foerderverein-hdb.de\/index.php?rest_route=\/wp\/v2\/types\/post"}],"author":[{"embeddable":true,"href":"http:\/\/www.foerderverein-hdb.de\/index.php?rest_route=\/wp\/v2\/users\/1"}],"replies":[{"embeddable":true,"href":"http:\/\/www.foerderverein-hdb.de\/index.php?rest_route=%2Fwp%2Fv2%2Fcomments&post=1347"}],"version-history":[{"count":2,"href":"http:\/\/www.foerderverein-hdb.de\/index.php?rest_route=\/wp\/v2\/posts\/1347\/revisions"}],"predecessor-version":[{"id":1349,"href":"http:\/\/www.foerderverein-hdb.de\/index.php?rest_route=\/wp\/v2\/posts\/1347\/revisions\/1349"}],"wp:attachment":[{"href":"http:\/\/www.foerderverein-hdb.de\/index.php?rest_route=%2Fwp%2Fv2%2Fmedia&parent=1347"}],"wp:term":[{"taxonomy":"category","embeddable":true,"href":"http:\/\/www.foerderverein-hdb.de\/index.php?rest_route=%2Fwp%2Fv2%2Fcategories&post=1347"},{"taxonomy":"post_tag","embeddable":true,"href":"http:\/\/www.foerderverein-hdb.de\/index.php?rest_route=%2Fwp%2Fv2%2Ftags&post=1347"}],"curies":[{"name":"wp","href":"https:\/\/api.w.org\/{rel}","templated":true}]}}